{"id":474,"date":"2019-08-08T15:33:17","date_gmt":"2019-08-08T18:33:17","guid":{"rendered":"https:\/\/gpde.direito.ufmg.br\/?p=474"},"modified":"2019-08-13T22:04:13","modified_gmt":"2019-08-14T01:04:13","slug":"7o-curso-de-metodologia-e-pesquisa-em-direito-e-desenvolvimento-ocorrera-do-dia-19-08-a-23-08-inscreva-se-aqui","status":"publish","type":"post","link":"https:\/\/gpde.direito.ufmg.br\/index.php\/7o-curso-de-metodologia-e-pesquisa-em-direito-e-desenvolvimento-ocorrera-do-dia-19-08-a-23-08-inscreva-se-aqui\/","title":{"rendered":"7\u00ba Curso de Metodologia e Pesquisa em Direito e Desenvolvimento ocorrer\u00e1 do dia 19\/08 ao 23\/08! INSCREVA-SE AQUI!"},"content":{"rendered":"<p><span style=\"font-family: 'Verdana',sans-serif;\">O 7\u00ba Curso de Extens\u00e3o de Metodologia e Pesquisa em Direito e\u00a0 Desenvolvimento \u00e9 mais uma edi\u00e7\u00e3o de um projeto bem sucedido que tem com objetivo principal propiciar aos alunos de gradua\u00e7\u00e3o da Faculdade de Direito da UFMG os primeiros contatos com t\u00e9cnicas de pesquisa e conceitos b\u00e1sicos que ser\u00e3o efetivamente utilizados para o desenvolvimento das pesquisas do Grupo de Pesquisas em Direito Econ\u00f4mico. A ideia \u00e9 convidar os alunos ao aprofundamento e envolvimento acad\u00eamico nos principais assuntos trabalhados no GPDE:<strong> Popriedade Intelectual, Direito da Concorr\u00eancia e Direito e desenvolvimento.<\/strong><\/span><\/p>\n<p><span style=\"font-family: 'Verdana',sans-serif;\">o Curso ocorrer\u00e1<b> dos dias 19\/08 ao 23\/08, das 11:10 \u00e0s 13:00<\/b>, no <\/span><span style=\"font-family: verdana, geneva, sans-serif;\">Audit\u00f3rio Raul Machado Horta (8\u00ba andar do edif\u00edcio Villas-Boas)<\/span><\/p>\n<p><strong><span style=\"font-family: 'Verdana',sans-serif;\">As vagas para o curso s\u00e3o limitadas<\/span><\/strong><span style=\"font-family: 'Verdana',sans-serif;\"> e a inscri\u00e7\u00e3o deve ser feita atrav\u00e9s do formul\u00e1rio abaixo:<\/span><\/p>\n<p><a href=\"https:\/\/forms.gle\/6FBsXdY1BGtiWVDaA\">FORMUL\u00c1RIO PARA INSCRI\u00c7\u00c3O<\/a><\/p>\n<p><span style=\"font-family: 'Verdana',sans-serif;\">A programa\u00e7\u00e3o com temas, palestrantes e bibliografia pode ser conferida link: <a href=\"https:\/\/gpde.direito.ufmg.br\/wp-content\/uploads\/2019\/08\/7\u00ba-CURSO-1.pdf\" target=\"_blank\" rel=\"noopener noreferrer\">Programa\u00e7\u00e3o do curso &#8211; 7\u00aa Edi\u00e7\u00e3o<\/a><\/span><\/p>\n<p><strong><span style=\"font-family: 'Verdana',sans-serif;\">A bibliografia se encontra dispon\u00edvel em PDF na aba de eventos desse site.<\/span><\/strong><\/p>\n","protected":false},"excerpt":{"rendered":"<p>O 7\u00ba Curso de Extens\u00e3o de Metodologia e Pesquisa em Direito e\u00a0 Desenvolvimento \u00e9 mais uma edi\u00e7\u00e3o de um projeto bem sucedido que tem com objetivo principal propiciar aos alunos&hellip;<\/p>\n","protected":false},"author":1,"featured_media":0,"comment_status":"closed","ping_status":"open","sticky":false,"template":"","format":"standard","meta":{"footnotes":""},"categories":[1],"tags":[],"class_list":["post-474","post","type-post","status-publish","format-standard","hentry","category-sem-categoria"],"_links":{"self":[{"href":"https:\/\/gpde.direito.ufmg.br\/index.php\/wp-json\/wp\/v2\/posts\/474","targetHints":{"allow":["GET"]}}],"collection":[{"href":"https:\/\/gpde.direito.ufmg.br\/index.php\/wp-json\/wp\/v2\/posts"}],"about":[{"href":"https:\/\/gpde.direito.ufmg.br\/index.php\/wp-json\/wp\/v2\/types\/post"}],"author":[{"embeddable":true,"href":"https:\/\/gpde.direito.ufmg.br\/index.php\/wp-json\/wp\/v2\/users\/1"}],"replies":[{"embeddable":true,"href":"https:\/\/gpde.direito.ufmg.br\/index.php\/wp-json\/wp\/v2\/comments?post=474"}],"version-history":[{"count":0,"href":"https:\/\/gpde.direito.ufmg.br\/index.php\/wp-json\/wp\/v2\/posts\/474\/revisions"}],"wp:attachment":[{"href":"https:\/\/gpde.direito.ufmg.br\/index.php\/wp-json\/wp\/v2\/media?parent=474"}],"wp:term":[{"taxonomy":"category","embeddable":true,"href":"https:\/\/gpde.direito.ufmg.br\/index.php\/wp-json\/wp\/v2\/categories?post=474"},{"taxonomy":"post_tag","embeddable":true,"href":"https:\/\/gpde.direito.ufmg.br\/index.php\/wp-json\/wp\/v2\/tags?post=474"}],"curies":[{"name":"wp","href":"https:\/\/api.w.org\/{rel}","templated":true}]}}