{"id":540,"date":"2019-09-10T21:14:52","date_gmt":"2019-09-11T00:14:52","guid":{"rendered":"https:\/\/gpde.direito.ufmg.br\/?p=540"},"modified":"2019-09-10T21:14:52","modified_gmt":"2019-09-11T00:14:52","slug":"ja-estao-disponiveis-os-certificados-dos-cursos-oferecidos-pelo-gpde","status":"publish","type":"post","link":"https:\/\/gpde.direito.ufmg.br\/index.php\/ja-estao-disponiveis-os-certificados-dos-cursos-oferecidos-pelo-gpde\/","title":{"rendered":"J\u00e1 est\u00e3o dispon\u00edveis os certificados dos cursos oferecidos pelo GPDE!!!!"},"content":{"rendered":"<p style=\"font-weight: 400;\">Os certificado de participa\u00e7\u00e3o do <strong>7\u00ba Curso de Extens\u00e3o e Pesquisa em Direito e Desenvolvimento <\/strong>e do<strong> 3\u00ba Curso de Extens\u00e3o em Propriedade Intelectual<\/strong> j\u00e1 est\u00e3o dispon\u00edveis para aqueles que cumpriram<strong> o requisito m\u00ednimo de 75% de presen\u00e7a nas palestras do curso<\/strong>\u00a0(isso significa a possibilidade de ter faltado apenas a um dos dias).<\/p>\n<p style=\"font-weight: 400;\"><strong>A retirada dos certificados<\/strong>\u00a0deve ser feita na sala do\u00a0N\u00facleo Interdisciplinar para Integra\u00e7\u00e3o de Ensino, Pesquisa e Extens\u00e3o (NIEPE),<strong>\u00a0localizada no 16\u00ba do Edif\u00edcio Villas Boas (pr\u00e9dio da p\u00f3s)<\/strong>.<\/p>\n<p style=\"font-weight: 400;\">Agradecemos a participa\u00e7\u00e3o de todos e esperamos voc\u00eas nas pr\u00f3ximas edi\u00e7\u00f5es!<\/p>\n<p>&nbsp;<\/p>\n","protected":false},"excerpt":{"rendered":"<p>Os certificado de participa\u00e7\u00e3o do 7\u00ba Curso de Extens\u00e3o e Pesquisa em Direito e Desenvolvimento e do 3\u00ba Curso de Extens\u00e3o em Propriedade Intelectual j\u00e1 est\u00e3o dispon\u00edveis para aqueles que&hellip;<\/p>\n","protected":false},"author":1,"featured_media":0,"comment_status":"closed","ping_status":"open","sticky":false,"template":"","format":"standard","meta":{"footnotes":""},"categories":[1],"tags":[],"class_list":["post-540","post","type-post","status-publish","format-standard","hentry","category-sem-categoria"],"_links":{"self":[{"href":"https:\/\/gpde.direito.ufmg.br\/index.php\/wp-json\/wp\/v2\/posts\/540","targetHints":{"allow":["GET"]}}],"collection":[{"href":"https:\/\/gpde.direito.ufmg.br\/index.php\/wp-json\/wp\/v2\/posts"}],"about":[{"href":"https:\/\/gpde.direito.ufmg.br\/index.php\/wp-json\/wp\/v2\/types\/post"}],"author":[{"embeddable":true,"href":"https:\/\/gpde.direito.ufmg.br\/index.php\/wp-json\/wp\/v2\/users\/1"}],"replies":[{"embeddable":true,"href":"https:\/\/gpde.direito.ufmg.br\/index.php\/wp-json\/wp\/v2\/comments?post=540"}],"version-history":[{"count":0,"href":"https:\/\/gpde.direito.ufmg.br\/index.php\/wp-json\/wp\/v2\/posts\/540\/revisions"}],"wp:attachment":[{"href":"https:\/\/gpde.direito.ufmg.br\/index.php\/wp-json\/wp\/v2\/media?parent=540"}],"wp:term":[{"taxonomy":"category","embeddable":true,"href":"https:\/\/gpde.direito.ufmg.br\/index.php\/wp-json\/wp\/v2\/categories?post=540"},{"taxonomy":"post_tag","embeddable":true,"href":"https:\/\/gpde.direito.ufmg.br\/index.php\/wp-json\/wp\/v2\/tags?post=540"}],"curies":[{"name":"wp","href":"https:\/\/api.w.org\/{rel}","templated":true}]}}